{"id":1960,"date":"2013-07-18T15:35:38","date_gmt":"2013-07-18T15:35:38","guid":{"rendered":"https:\/\/www.lymphoma.ca\/ce-que-je-naurais-sans-doute-pas-du-entendre\/"},"modified":"2013-07-18T15:35:38","modified_gmt":"2013-07-18T15:35:38","slug":"ce-que-je-naurais-sans-doute-pas-du-entendre","status":"publish","type":"post","link":"https:\/\/www.lymphoma.ca\/fr\/ce-que-je-naurais-sans-doute-pas-du-entendre\/","title":{"rendered":"Ce que je n\u2019aurais sans doute pas d\u00fb entendre"},"content":{"rendered":"<p>Sur chaque liste o\u00f9 on \u00e9num\u00e8re les fa\u00e7ons de soutenir une personne atteinte du cancer, il y a toujours un ou deux \u00e9l\u00e9ments auxquels je ne m\u2019identifie pas.<br \/>\n<!--more--><\/p>\n<h3 class=\"fontFaceBig\">par Robin Harry<\/h3>\n<div class=\"sfsBlogContent\">\n<p>Sur chaque liste o\u00f9 on \u00e9num\u00e8re les fa\u00e7ons de soutenir une personne atteinte du cancer, il y a toujours un ou deux \u00e9l\u00e9ments auxquels je ne m\u2019identifie pas. Certains \u00e9l\u00e9ments trouvent un \u00e9cho chez moi, mais la section des commentaires d\u00e9montre immanquablement que des canc\u00e9reux ou des gens offrant du soutien les trouvent absurdes. L\u2019exp\u00e9rience de chacun semble tr\u00e8s personnelle et les mots \u00ab&nbsp;typique&nbsp;\u00bb et \u00ab&nbsp;g\u00e9n\u00e9ral&nbsp;\u00bb ne conviennent jamais tout \u00e0 fait. Je n\u2019\u00e9tais pas encore parvenue \u00e0 dresser une liste jusqu\u2019\u00e0 il y a deux semaines, quand j\u2019ai \u00e9cout\u00e9 quelqu\u2019un d\u00e9blat\u00e9rer pendant dix bonnes minutes sur le fait que \u00ab&nbsp;les pens\u00e9es n\u00e9gatives finissent par faire partie de notre corps&nbsp;\u00bb\u2026 VRAIMENT?!?<\/p>\n<p>Apr\u00e8s r\u00e9flexion, je me suis rendu compte que je pouvais simplement dresser une liste en me basant sur mon exp\u00e9rience personnelle. Tous les \u00e9l\u00e9ments suivants sont des choses que j\u2019ai entendues ou que des gens m\u2019ont dites (ou n\u2019ont pas dites) qui, bien qu\u2019\u00e9tant empreintes de bonnes intentions, \u00e9taient tr\u00e8s mal formul\u00e9es ou simplement ridicules. Lorsque possible, je proposerai une solution de remplacement pour exprimer ces id\u00e9es, afin d\u2019aider les autres \u00e0 trouver les mots justes, plut\u00f4t que ceux \u00e0 \u00e9viter. Avertissement&nbsp;: ceci sera tr\u00e8s long.<\/p>\n<p>Ce que je n\u2019aurais pas d\u00fb entendre&nbsp;:<\/p>\n<p><strong>1. Le silence<\/strong><\/p>\n<p>Il s\u2019agit assur\u00e9ment de la premi\u00e8re place. C\u2019est l\u2019\u00e9l\u00e9ment le plus \u00e9vocateur et le moins compris. Il est plus facile de pardonner et d\u2019oublier les choses b\u00eates que quelqu\u2019un a dites que le silence. Je peux rire d\u2019inepties, mais je ne peux pas rire de rien du tout. En tant que patiente, je suis consciente qu\u2019il est difficile de trouver les mots justes, que le cancer est sombre, inqui\u00e9tant et sinistre. Mais je ne comprendrai et n\u2019accepterai jamais que des gens aient choisi de ne rien dire.<\/p>\n<p><em>Une solution&nbsp;<\/em>: \u00ab&nbsp;Robin, je ne sais vraiment pas quoi dire&nbsp;\u00bb.<\/p>\n<p>C\u2019est tout simple. Voil\u00e0 d\u00e9j\u00e0 un d\u00e9but. Vous seriez surpris de savoir que vous aurez retir\u00e9 \u00e0 la fin de cette conversation.<\/p>\n<p><strong>2. Pourquoi toi? ou Pourquoi fallait-il que TU aies le cancer??<\/strong><\/p>\n<p>Quel genre de question idiote est-ce donc?? Encore une fois, je comprends l\u2019intention. On pense que je suis une gentille personne qui ne m\u00e9rite pas d\u2019avoir le cancer, et j\u2019en suis reconnaissante. Toutefois, cette question signifie en v\u00e9rit\u00e9&nbsp;: \u00ab&nbsp;Qu\u2019est-ce que tu as fait pour m\u00e9riter le cancer?&nbsp;\u00bb Elle sous-entend qu\u2019il doit y avoir une raison. Pire encore, cette question repose sur la pr\u00e9misse selon laquelle certaines personnes M\u00c9RITENT d\u2019avoir le cancer, ce qui est ridicule. Qui pourraient \u00eatre ces gens? Fait-on r\u00e9f\u00e9rence \u00e0 de dangereux criminels de guerre, psychopathes ou g\u00e9nocidaires? Ou peut-\u00eatre le type qui vous a coup\u00e9 sur la 401 fait-il partie de la liste? Lorsqu\u2019abord\u00e9e de cette mani\u00e8re, une simple question compos\u00e9e de deux mots se remplit vite de connotations.<\/p>\n<p><em>Une solution&nbsp;<\/em>: \u00ab&nbsp;Je suis vraiment d\u00e9sol\u00e9e que tu doives passer \u00e0 travers ces \u00e9preuves&nbsp;\u00bb.<\/p>\n<p>Voil\u00e0 une option simple et efficace. Elle exprime un sentiment personnel sans toutefois donner des le\u00e7ons.<\/p>\n<p><strong>3. J\u2019ai su que tu es atteinte du \u00ab&nbsp;C&nbsp;\u00bb<\/strong> <strong>\/ Je sais que tu es \u00ab&nbsp;occup\u00e9e&nbsp;\u00bb. \/ Comment se passe la \u00ab&nbsp;chose&nbsp;\u00bb?<\/strong><\/p>\n<p>Le cancer n\u2019est pas Voldemort. Ce n\u2019est pas une maladie honteuse qu\u2019on ne doit pas nommer. Ce n\u2019est pas non plus une entit\u00e9 sombre, puissante et magique. C\u2019est le cancer. Personne ne dira \u00e0 une personne qui a souffert d\u2019une crise cardiaque, \u00ab&nbsp;j\u2019ai entendu dire que tu avais eu une \u00ab\u00a0C\u00a0\u00bb&nbsp;\u00bb, ou \u00e0 la victime d\u2019un AVC, \u00ab&nbsp;J\u2019ai su que tu avais eu\u2026 la chose&nbsp;\u00bb. Et je ne suis pas \u00ab&nbsp;occup\u00e9e&nbsp;\u00bb, je suis malade. Pourquoi donc \u00eatre si r\u00e9ticent \u00e0 dire cancer? Plus les gens h\u00e9sitent \u00e0 prononcer le mot, plus celui-ci gagne en puissance, ce que je d\u00e9teste. Sans compter que bien que le mot fasse tr\u00e8s peur, ne pas le prononcer n\u2019a rien chang\u00e9 au fait que j\u2019en \u00e9tais atteinte.<\/p>\n<p><em>Une solution&nbsp;<\/em>: \u00ab&nbsp;J\u2019ai su que tu \u00e9tais atteinte du cancer&nbsp;\u00bb. C\u2019est la seule chose qui aurait d\u00fb \u00eatre dite.<\/p>\n<p><strong>4. Je comptais te rendre visite.<\/strong> <strong>\/ Je voulais t\u2019appeler.<\/strong> <strong>\/ Je voulais t\u2019aider.<\/strong><\/p>\n<p>J\u2019ai d\u00e9j\u00e0 abord\u00e9 ce sujet dans un autre billet sur le blogue, alors je ne ressasserai pas tout ici. En somme, bien que l\u2019intention y ait \u00e9t\u00e9, la suite ne pr\u00e9sageait rien de bon. Toutes ces phrases m\u2019ont donn\u00e9 l\u2019impression que les intentions ont \u00e9t\u00e9 formul\u00e9es apr\u00e8s-coup, comme si j\u2019\u00e9tais une nuisance.<\/p>\n<p><em>Une solution&nbsp;<\/em>: Je suis d\u00e9sol\u00e9e de ne pas t\u2019avoir rendue visite<strong>\/t\u2019avoir appel\u00e9e\/t\u2019avoir aid\u00e9e, etc.<\/strong><strong><\/strong><\/p>\n<p><strong>Si vous vouliez r\u00e9ellement faire ces choses, commencez par offrir vos excuses. C\u2019est d\u00e9j\u00e0 tr\u00e8s bien.<\/strong><strong><\/strong><\/p>\n<p><strong>5. Je suis convaincu(e) que le gouvernement\/ les compagnies pharmaceutiques connaissent le rem\u00e8de, mais ne veulent pas le donner.<\/strong><\/p>\n<p>Eh oui, j\u2019ai vraiment entendu \u00e7a. Deux fois. D\u2019abord, voici ce que cela signifie&nbsp;:&nbsp;\u00ab&nbsp;Tu souffres pendant que quelqu\u2019un s\u2019en met plein les poches&nbsp;\u00bb. \u00c7a me para\u00eet exag\u00e9r\u00e9 et absurde. Sans compter que quiconque comprend un tant soit peu notre r\u00e9seau de sant\u00e9 saurait qu\u2019il est bien improbable qu\u2019un rem\u00e8de contre le cancer soit pass\u00e9 sous silence&nbsp;: le cancer co\u00fbte des millions de dollars au gouvernement chaque ann\u00e9e. Puis, il existe des CENTAINES de cancers. Pour quel cancer d\u00e9tiennent-ils un rem\u00e8de? Tous les types de cancers ou seulement quelques-uns? Le cancer du sein? Le lymphome? Et quel sous-type? Non hodgkinien? Il existe environ 50 variantes de ce dernier.<\/p>\n<p><em>Une solution&nbsp;<\/em>: Il n\u2019y en a pas. Ne dites simplement pas de telles sottises. C\u2019est de l\u2019ignorance. <strong><\/strong><\/p>\n<p><strong>6. Moi&nbsp;: \u00ab&nbsp;Je ne me souviens pas. Ma m\u00e9moire me fait d\u00e9fait \u00e0 cause de la chimio&nbsp;\u00bb.<\/strong><\/p>\n<p>Ami(e)&nbsp;: \u00ab&nbsp;Au moins toi, tu as une excuse. La mienne fait souvent d\u00e9faut, elle est probablement pire que la tienne&nbsp;\u00bb.<\/p>\n<p>Je paraphrase, mais j\u2019ai entendu des choses semblables. Les intentions derri\u00e8re cette intervention sont nobles, je crois. On souhaite ainsi me faire croire que je ne vais pas si mal, apr\u00e8s tout. Cependant, \u00e7a ne laisse pas cette impression. \u00c7a sonne plut\u00f4t comme une chose que dirait quelqu\u2019un de tr\u00e8s \u00e9gocentrique et en manque d\u2019attention. Il y a peu de circonstances o\u00f9 il convient de comparer ou d\u2019assimiler votre situation \u00e0 celle d\u2019un patient atteint du cancer qui subit des traitements. Comparer les ennuis reli\u00e9s au cancer aux probl\u00e8mes mondains n\u2019est jamais une bonne id\u00e9e. Si toutefois vous avez v\u00e9cu une situation qui vous rend particuli\u00e8rement empathique, il existe de meilleures fa\u00e7ons de les exprimer. Les phrases qui commencent par \u00ab&nbsp;au moins toi\u2026&nbsp;\u00bb finissent rarement bien.<\/p>\n<p><em>Une solution<\/em>&nbsp;: \u00ab&nbsp;Argh! Je crois que je peux comprendre, ma m\u00e9moire n\u2019est pas terrible non plus.&nbsp;\u00bb<\/p>\n<p><strong>7. Sois positive! \/Les pens\u00e9es n\u00e9gatives nuisent \u00e0 ton corps!<\/strong><\/p>\n<p>Oh non! Ne sois pas d\u00e9prim\u00e9, ton cancer va s\u2019empirer! Franchement! Selon cette logique, les psychiatres prescriraient syst\u00e9matiquement des antid\u00e9presseurs pour compl\u00e9menter la chimio. On se lasse vite de cette phrase toute faite&nbsp;: \u00ab&nbsp;Ne sois pas n\u00e9gative, \u00e7a va empirer&nbsp;\u00bb. Je suis naturellement positive et dynamique, et ce clich\u00e9 n\u2019aura servi qu\u2019\u00e0 me faire sentir coupable durant les journ\u00e9es difficiles, ou quand un des aspects du cancer me d\u00e9primait r\u00e9ellement. Je me sentais alors mal \u00e0 l\u2019aise de partager ces \u00e9motions, bien que je savais qu\u2019il \u00e9tait normal de les vivre dans le cadre du processus. La pens\u00e9e positive est tr\u00e8s bien et je suis s\u00fbre qu\u2019elle aide, mais elle ne gu\u00e9rit pas du cancer.<\/p>\n<p><em>Une solution&nbsp;<\/em>: C\u2019est correct de nous faire signe quand on est d\u00e9raisonnable; m\u00eame les canc\u00e9reux ont parfois besoin d\u2019\u00eatre remis \u00e0 leur place. Mais il arrive que nous devions nous laisser aller un peu. Laissez-nous faire.<\/p>\n<p><strong>8. Regarde Sheryl Crown, Melissa Etheridge, Michael C. Hall, etc.<\/strong><\/p>\n<p>Me comparer \u00e0 des c\u00e9l\u00e9brit\u00e9s atteintes du cancer ne m\u2019a jamais aid\u00e9e \u00e0 me sentir mieux. D\u2019ailleurs, me comparer \u00e0 quiconque ne m\u2019a jamais fait sentir mieux. D\u2019abord, aucun d\u2019entre eux n\u2019\u00e9tait atteint de lymphome non hodgkinien. La seule personne atteinte de lymphome non hodgkinien dont on a r\u00e9cemment entendu parler est le type dans Spartacus, Andy Whitfield\u2026 qui en est MORT. Personne n\u2019en parle, de lui. Deuxi\u00e8mement, nous sommes deux personnes diff\u00e9rentes. Le simple fait que Scully ait eu le cancer, en soit gu\u00e9rie, et ait eu un b\u00e9b\u00e9 avec Mulder, le tout sans perdre ses flamboyants cheveux roux, ne signifie pas que j\u2019irai bien sous peu.<\/p>\n<p><em>Une solution&nbsp;<\/em>: \u00ab&nbsp;Quand une telle a eu le cancer, elle a perdu son sens du go\u00fbt, comme toi; elle a mentionn\u00e9 que telle chose l\u2019avait aid\u00e9e&nbsp;\u00bb.<\/p>\n<p>Ne comparez pas quelqu\u2019un qui a eu le cancer avec quelqu\u2019un d\u2019autre qui en est atteint, \u00e0 moins d\u2019avoir un \u00e9l\u00e9ment pertinent \u00e0 partager.<\/p>\n<p><strong>9. C\u2019est vrai que tu toussais beaucoup quand tu \u00e9tais petite.<\/strong><\/p>\n<p>J\u2019ai ri de celle-ci pendant des jours. C\u2019est bien simple&nbsp;: \u00e0 moins d\u2019\u00eatre m\u00e9decin ou travailleur de la sant\u00e9, ne posez pas de diagnostic. Vous aurez tort. Et en passant, j\u2019\u00e9tais une des petites filles les plus en sant\u00e9 que la terre ait port\u00e9e. Je ne toussais pas du tout. Je n\u2019ai m\u00eame jamais eu la varicelle!<\/p>\n<p><em>Une solution&nbsp;<\/em>: Encore une fois, il n\u2019y en a pas. Ne dites pas \u00e7a. R\u00e9sistez \u00e0 la tentation!<\/p>\n<p><strong>10. Tu ne mourras pas. \/Tu vas t\u2019en sortir.<\/strong><\/p>\n<p>Vous ne le savez pas. Personne n\u2019aime cette r\u00e9alit\u00e9, mais la v\u00e9rit\u00e9 est que le cancer tue, et le fait de refuser de le reconna\u00eetre n\u2019y changera rien. L\u2019\u00e9ventualit\u00e9 que je meure du cancer est une r\u00e9alit\u00e9 qui me guette, et personne ne pourrait me rassurer en me convainquant du contraire.<\/p>\n<p><em>Une solution&nbsp;<\/em>: J\u2019esp\u00e8re vraiment que tu t\u2019en tireras.<\/p>\n<p>Voil\u00e0 la liste que j\u2019ai r\u00e9ussi \u00e0 dresser. Je ne m\u2019attends pas \u00e0 ce que tous les \u00e9l\u00e9ments concordent avec l\u2019opinion de tous les patients, mais j\u2019esp\u00e8re que quelqu\u2019un pourra retirer un peu de sagesse de mon exp\u00e9rience.<\/p>\n<\/div>\n","protected":false},"excerpt":{"rendered":"<p>Sur chaque liste o\u00f9 on \u00e9num\u00e8re les fa\u00e7ons de soutenir une personne atteinte du cancer, il y a toujours un ou deux \u00e9l\u00e9ments auxquels je ne m\u2019identifie pas.<\/p>\n","protected":false},"author":1,"featured_media":1605,"comment_status":"closed","ping_status":"closed","sticky":false,"template":"","format":"standard","meta":{"_acf_changed":false,"footnotes":""},"categories":[15],"tags":[],"class_list":{"0":"post-1960","1":"post","2":"type-post","3":"status-publish","4":"format-standard","5":"has-post-thumbnail","7":"category-blogue"},"acf":[],"yoast_head":"<!-- This site is optimized with the Yoast SEO plugin v26.7 - https:\/\/yoast.com\/wordpress\/plugins\/seo\/ -->\n<title>Ce que je n\u2019aurais sans doute pas d\u00fb entendre - Lymphoma Canada<\/title>\n<meta name=\"robots\" content=\"index, follow, max-snippet:-1, max-image-preview:large, max-video-preview:-1\" \/>\n<link rel=\"canonical\" href=\"https:\/\/www.lymphoma.ca\/fr\/ce-que-je-naurais-sans-doute-pas-du-entendre\/\" \/>\n<meta property=\"og:locale\" content=\"fr_FR\" \/>\n<meta property=\"og:type\" content=\"article\" \/>\n<meta property=\"og:title\" content=\"Ce que je n\u2019aurais sans doute pas d\u00fb entendre - Lymphoma Canada\" \/>\n<meta property=\"og:description\" content=\"Sur chaque liste o\u00f9 on \u00e9num\u00e8re les fa\u00e7ons de soutenir une personne atteinte du cancer, il y a toujours un ou deux \u00e9l\u00e9ments auxquels je ne m\u2019identifie pas.\" \/>\n<meta property=\"og:url\" content=\"https:\/\/www.lymphoma.ca\/fr\/ce-que-je-naurais-sans-doute-pas-du-entendre\/\" \/>\n<meta property=\"og:site_name\" content=\"Lymphoma Canada\" \/>\n<meta property=\"article:publisher\" content=\"https:\/\/www.facebook.com\/LymphomaCanada\" \/>\n<meta property=\"article:published_time\" content=\"2013-07-18T15:35:38+00:00\" \/>\n<meta property=\"og:image\" content=\"https:\/\/www.lymphoma.ca\/wp-content\/uploads\/2013\/07\/harry-support-blog-picture.jpg\" \/>\n\t<meta property=\"og:image:width\" content=\"800\" \/>\n\t<meta property=\"og:image:height\" content=\"343\" \/>\n\t<meta property=\"og:image:type\" content=\"image\/jpeg\" \/>\n<meta name=\"author\" content=\"admin\" \/>\n<meta name=\"twitter:card\" content=\"summary_large_image\" \/>\n<meta name=\"twitter:creator\" content=\"@lymphomacanada\" \/>\n<meta name=\"twitter:site\" content=\"@lymphomacanada\" \/>\n<meta name=\"twitter:label1\" content=\"\u00c9crit par\" \/>\n\t<meta name=\"twitter:data1\" content=\"admin\" \/>\n\t<meta name=\"twitter:label2\" content=\"Dur\u00e9e de lecture estim\u00e9e\" \/>\n\t<meta name=\"twitter:data2\" content=\"9 minutes\" \/>\n<script type=\"application\/ld+json\" class=\"yoast-schema-graph\">{\"@context\":\"https:\/\/schema.org\",\"@graph\":[{\"@type\":\"Article\",\"@id\":\"https:\/\/www.lymphoma.ca\/fr\/ce-que-je-naurais-sans-doute-pas-du-entendre\/#article\",\"isPartOf\":{\"@id\":\"https:\/\/www.lymphoma.ca\/fr\/ce-que-je-naurais-sans-doute-pas-du-entendre\/\"},\"author\":{\"name\":\"admin\",\"@id\":\"https:\/\/www.lymphoma.ca\/fr\/#\/schema\/person\/3f654528f96ee33030061e70192633c4\"},\"headline\":\"Ce que je n\u2019aurais sans doute pas d\u00fb entendre\",\"datePublished\":\"2013-07-18T15:35:38+00:00\",\"mainEntityOfPage\":{\"@id\":\"https:\/\/www.lymphoma.ca\/fr\/ce-que-je-naurais-sans-doute-pas-du-entendre\/\"},\"wordCount\":1894,\"publisher\":{\"@id\":\"https:\/\/www.lymphoma.ca\/fr\/#organization\"},\"image\":{\"@id\":\"https:\/\/www.lymphoma.ca\/fr\/ce-que-je-naurais-sans-doute-pas-du-entendre\/#primaryimage\"},\"thumbnailUrl\":\"https:\/\/www.lymphoma.ca\/wp-content\/uploads\/2013\/07\/harry-support-blog-picture.jpg\",\"articleSection\":[\"Blogue\"],\"inLanguage\":\"fr-FR\"},{\"@type\":\"WebPage\",\"@id\":\"https:\/\/www.lymphoma.ca\/fr\/ce-que-je-naurais-sans-doute-pas-du-entendre\/\",\"url\":\"https:\/\/www.lymphoma.ca\/fr\/ce-que-je-naurais-sans-doute-pas-du-entendre\/\",\"name\":\"Ce que je n\u2019aurais sans doute pas d\u00fb entendre - Lymphoma Canada\",\"isPartOf\":{\"@id\":\"https:\/\/www.lymphoma.ca\/fr\/#website\"},\"primaryImageOfPage\":{\"@id\":\"https:\/\/www.lymphoma.ca\/fr\/ce-que-je-naurais-sans-doute-pas-du-entendre\/#primaryimage\"},\"image\":{\"@id\":\"https:\/\/www.lymphoma.ca\/fr\/ce-que-je-naurais-sans-doute-pas-du-entendre\/#primaryimage\"},\"thumbnailUrl\":\"https:\/\/www.lymphoma.ca\/wp-content\/uploads\/2013\/07\/harry-support-blog-picture.jpg\",\"datePublished\":\"2013-07-18T15:35:38+00:00\",\"breadcrumb\":{\"@id\":\"https:\/\/www.lymphoma.ca\/fr\/ce-que-je-naurais-sans-doute-pas-du-entendre\/#breadcrumb\"},\"inLanguage\":\"fr-FR\",\"potentialAction\":[{\"@type\":\"ReadAction\",\"target\":[\"https:\/\/www.lymphoma.ca\/fr\/ce-que-je-naurais-sans-doute-pas-du-entendre\/\"]}]},{\"@type\":\"ImageObject\",\"inLanguage\":\"fr-FR\",\"@id\":\"https:\/\/www.lymphoma.ca\/fr\/ce-que-je-naurais-sans-doute-pas-du-entendre\/#primaryimage\",\"url\":\"https:\/\/www.lymphoma.ca\/wp-content\/uploads\/2013\/07\/harry-support-blog-picture.jpg\",\"contentUrl\":\"https:\/\/www.lymphoma.ca\/wp-content\/uploads\/2013\/07\/harry-support-blog-picture.jpg\",\"width\":800,\"height\":343},{\"@type\":\"BreadcrumbList\",\"@id\":\"https:\/\/www.lymphoma.ca\/fr\/ce-que-je-naurais-sans-doute-pas-du-entendre\/#breadcrumb\",\"itemListElement\":[{\"@type\":\"ListItem\",\"position\":1,\"name\":\"Home\",\"item\":\"https:\/\/www.lymphoma.ca\/fr\/\"},{\"@type\":\"ListItem\",\"position\":2,\"name\":\"Ce que je n\u2019aurais sans doute pas d\u00fb entendre\"}]},{\"@type\":\"WebSite\",\"@id\":\"https:\/\/www.lymphoma.ca\/fr\/#website\",\"url\":\"https:\/\/www.lymphoma.ca\/fr\/\",\"name\":\"Lymphoma Canada\",\"description\":\"Information. Help. Hope.\",\"publisher\":{\"@id\":\"https:\/\/www.lymphoma.ca\/fr\/#organization\"},\"potentialAction\":[{\"@type\":\"SearchAction\",\"target\":{\"@type\":\"EntryPoint\",\"urlTemplate\":\"https:\/\/www.lymphoma.ca\/fr\/?s={search_term_string}\"},\"query-input\":{\"@type\":\"PropertyValueSpecification\",\"valueRequired\":true,\"valueName\":\"search_term_string\"}}],\"inLanguage\":\"fr-FR\"},{\"@type\":\"Organization\",\"@id\":\"https:\/\/www.lymphoma.ca\/fr\/#organization\",\"name\":\"Lymphoma Canada\",\"url\":\"https:\/\/www.lymphoma.ca\/fr\/\",\"logo\":{\"@type\":\"ImageObject\",\"inLanguage\":\"fr-FR\",\"@id\":\"https:\/\/www.lymphoma.ca\/fr\/#\/schema\/logo\/image\/\",\"url\":\"https:\/\/www.lymphoma.ca\/wp-content\/uploads\/2023\/05\/logo-lymphoma.jpg\",\"contentUrl\":\"https:\/\/www.lymphoma.ca\/wp-content\/uploads\/2023\/05\/logo-lymphoma.jpg\",\"width\":343,\"height\":343,\"caption\":\"Lymphoma Canada\"},\"image\":{\"@id\":\"https:\/\/www.lymphoma.ca\/fr\/#\/schema\/logo\/image\/\"},\"sameAs\":[\"https:\/\/www.facebook.com\/LymphomaCanada\",\"https:\/\/x.com\/lymphomacanada\",\"https:\/\/www.linkedin.com\/company\/lymphoma-canada\/\",\"http:\/\/instagram.com\/lymphomacanada\",\"http:\/\/www.youtube.com\/user\/LymphomaTV\"]},{\"@type\":\"Person\",\"@id\":\"https:\/\/www.lymphoma.ca\/fr\/#\/schema\/person\/3f654528f96ee33030061e70192633c4\",\"name\":\"admin\",\"image\":{\"@type\":\"ImageObject\",\"inLanguage\":\"fr-FR\",\"@id\":\"https:\/\/www.lymphoma.ca\/fr\/#\/schema\/person\/image\/\",\"url\":\"https:\/\/secure.gravatar.com\/avatar\/f8f0e240f88d3162ad64d22cede41425?s=96&d=mm&r=g\",\"contentUrl\":\"https:\/\/secure.gravatar.com\/avatar\/f8f0e240f88d3162ad64d22cede41425?s=96&d=mm&r=g\",\"caption\":\"admin\"},\"url\":\"https:\/\/www.lymphoma.ca\/fr\/author\/erezz_oxmaxp0p\/\"}]}<\/script>\n<!-- \/ Yoast SEO plugin. -->","yoast_head_json":{"title":"Ce que je n\u2019aurais sans doute pas d\u00fb entendre - Lymphoma Canada","robots":{"index":"index","follow":"follow","max-snippet":"max-snippet:-1","max-image-preview":"max-image-preview:large","max-video-preview":"max-video-preview:-1"},"canonical":"https:\/\/www.lymphoma.ca\/fr\/ce-que-je-naurais-sans-doute-pas-du-entendre\/","og_locale":"fr_FR","og_type":"article","og_title":"Ce que je n\u2019aurais sans doute pas d\u00fb entendre - Lymphoma Canada","og_description":"Sur chaque liste o\u00f9 on \u00e9num\u00e8re les fa\u00e7ons de soutenir une personne atteinte du cancer, il y a toujours un ou deux \u00e9l\u00e9ments auxquels je ne m\u2019identifie pas.","og_url":"https:\/\/www.lymphoma.ca\/fr\/ce-que-je-naurais-sans-doute-pas-du-entendre\/","og_site_name":"Lymphoma Canada","article_publisher":"https:\/\/www.facebook.com\/LymphomaCanada","article_published_time":"2013-07-18T15:35:38+00:00","og_image":[{"width":800,"height":343,"url":"https:\/\/www.lymphoma.ca\/wp-content\/uploads\/2013\/07\/harry-support-blog-picture.jpg","type":"image\/jpeg"}],"author":"admin","twitter_card":"summary_large_image","twitter_creator":"@lymphomacanada","twitter_site":"@lymphomacanada","twitter_misc":{"\u00c9crit par":"admin","Dur\u00e9e de lecture estim\u00e9e":"9 minutes"},"schema":{"@context":"https:\/\/schema.org","@graph":[{"@type":"Article","@id":"https:\/\/www.lymphoma.ca\/fr\/ce-que-je-naurais-sans-doute-pas-du-entendre\/#article","isPartOf":{"@id":"https:\/\/www.lymphoma.ca\/fr\/ce-que-je-naurais-sans-doute-pas-du-entendre\/"},"author":{"name":"admin","@id":"https:\/\/www.lymphoma.ca\/fr\/#\/schema\/person\/3f654528f96ee33030061e70192633c4"},"headline":"Ce que je n\u2019aurais sans doute pas d\u00fb entendre","datePublished":"2013-07-18T15:35:38+00:00","mainEntityOfPage":{"@id":"https:\/\/www.lymphoma.ca\/fr\/ce-que-je-naurais-sans-doute-pas-du-entendre\/"},"wordCount":1894,"publisher":{"@id":"https:\/\/www.lymphoma.ca\/fr\/#organization"},"image":{"@id":"https:\/\/www.lymphoma.ca\/fr\/ce-que-je-naurais-sans-doute-pas-du-entendre\/#primaryimage"},"thumbnailUrl":"https:\/\/www.lymphoma.ca\/wp-content\/uploads\/2013\/07\/harry-support-blog-picture.jpg","articleSection":["Blogue"],"inLanguage":"fr-FR"},{"@type":"WebPage","@id":"https:\/\/www.lymphoma.ca\/fr\/ce-que-je-naurais-sans-doute-pas-du-entendre\/","url":"https:\/\/www.lymphoma.ca\/fr\/ce-que-je-naurais-sans-doute-pas-du-entendre\/","name":"Ce que je n\u2019aurais sans doute pas d\u00fb entendre - Lymphoma Canada","isPartOf":{"@id":"https:\/\/www.lymphoma.ca\/fr\/#website"},"primaryImageOfPage":{"@id":"https:\/\/www.lymphoma.ca\/fr\/ce-que-je-naurais-sans-doute-pas-du-entendre\/#primaryimage"},"image":{"@id":"https:\/\/www.lymphoma.ca\/fr\/ce-que-je-naurais-sans-doute-pas-du-entendre\/#primaryimage"},"thumbnailUrl":"https:\/\/www.lymphoma.ca\/wp-content\/uploads\/2013\/07\/harry-support-blog-picture.jpg","datePublished":"2013-07-18T15:35:38+00:00","breadcrumb":{"@id":"https:\/\/www.lymphoma.ca\/fr\/ce-que-je-naurais-sans-doute-pas-du-entendre\/#breadcrumb"},"inLanguage":"fr-FR","potentialAction":[{"@type":"ReadAction","target":["https:\/\/www.lymphoma.ca\/fr\/ce-que-je-naurais-sans-doute-pas-du-entendre\/"]}]},{"@type":"ImageObject","inLanguage":"fr-FR","@id":"https:\/\/www.lymphoma.ca\/fr\/ce-que-je-naurais-sans-doute-pas-du-entendre\/#primaryimage","url":"https:\/\/www.lymphoma.ca\/wp-content\/uploads\/2013\/07\/harry-support-blog-picture.jpg","contentUrl":"https:\/\/www.lymphoma.ca\/wp-content\/uploads\/2013\/07\/harry-support-blog-picture.jpg","width":800,"height":343},{"@type":"BreadcrumbList","@id":"https:\/\/www.lymphoma.ca\/fr\/ce-que-je-naurais-sans-doute-pas-du-entendre\/#breadcrumb","itemListElement":[{"@type":"ListItem","position":1,"name":"Home","item":"https:\/\/www.lymphoma.ca\/fr\/"},{"@type":"ListItem","position":2,"name":"Ce que je n\u2019aurais sans doute pas d\u00fb entendre"}]},{"@type":"WebSite","@id":"https:\/\/www.lymphoma.ca\/fr\/#website","url":"https:\/\/www.lymphoma.ca\/fr\/","name":"Lymphoma Canada","description":"Information. Help. Hope.","publisher":{"@id":"https:\/\/www.lymphoma.ca\/fr\/#organization"},"potentialAction":[{"@type":"SearchAction","target":{"@type":"EntryPoint","urlTemplate":"https:\/\/www.lymphoma.ca\/fr\/?s={search_term_string}"},"query-input":{"@type":"PropertyValueSpecification","valueRequired":true,"valueName":"search_term_string"}}],"inLanguage":"fr-FR"},{"@type":"Organization","@id":"https:\/\/www.lymphoma.ca\/fr\/#organization","name":"Lymphoma Canada","url":"https:\/\/www.lymphoma.ca\/fr\/","logo":{"@type":"ImageObject","inLanguage":"fr-FR","@id":"https:\/\/www.lymphoma.ca\/fr\/#\/schema\/logo\/image\/","url":"https:\/\/www.lymphoma.ca\/wp-content\/uploads\/2023\/05\/logo-lymphoma.jpg","contentUrl":"https:\/\/www.lymphoma.ca\/wp-content\/uploads\/2023\/05\/logo-lymphoma.jpg","width":343,"height":343,"caption":"Lymphoma Canada"},"image":{"@id":"https:\/\/www.lymphoma.ca\/fr\/#\/schema\/logo\/image\/"},"sameAs":["https:\/\/www.facebook.com\/LymphomaCanada","https:\/\/x.com\/lymphomacanada","https:\/\/www.linkedin.com\/company\/lymphoma-canada\/","http:\/\/instagram.com\/lymphomacanada","http:\/\/www.youtube.com\/user\/LymphomaTV"]},{"@type":"Person","@id":"https:\/\/www.lymphoma.ca\/fr\/#\/schema\/person\/3f654528f96ee33030061e70192633c4","name":"admin","image":{"@type":"ImageObject","inLanguage":"fr-FR","@id":"https:\/\/www.lymphoma.ca\/fr\/#\/schema\/person\/image\/","url":"https:\/\/secure.gravatar.com\/avatar\/f8f0e240f88d3162ad64d22cede41425?s=96&d=mm&r=g","contentUrl":"https:\/\/secure.gravatar.com\/avatar\/f8f0e240f88d3162ad64d22cede41425?s=96&d=mm&r=g","caption":"admin"},"url":"https:\/\/www.lymphoma.ca\/fr\/author\/erezz_oxmaxp0p\/"}]}},"_links":{"self":[{"href":"https:\/\/www.lymphoma.ca\/fr\/wp-json\/wp\/v2\/posts\/1960","targetHints":{"allow":["GET"]}}],"collection":[{"href":"https:\/\/www.lymphoma.ca\/fr\/wp-json\/wp\/v2\/posts"}],"about":[{"href":"https:\/\/www.lymphoma.ca\/fr\/wp-json\/wp\/v2\/types\/post"}],"author":[{"embeddable":true,"href":"https:\/\/www.lymphoma.ca\/fr\/wp-json\/wp\/v2\/users\/1"}],"replies":[{"embeddable":true,"href":"https:\/\/www.lymphoma.ca\/fr\/wp-json\/wp\/v2\/comments?post=1960"}],"version-history":[{"count":0,"href":"https:\/\/www.lymphoma.ca\/fr\/wp-json\/wp\/v2\/posts\/1960\/revisions"}],"wp:featuredmedia":[{"embeddable":true,"href":"https:\/\/www.lymphoma.ca\/fr\/wp-json\/wp\/v2\/media\/1605"}],"wp:attachment":[{"href":"https:\/\/www.lymphoma.ca\/fr\/wp-json\/wp\/v2\/media?parent=1960"}],"wp:term":[{"taxonomy":"category","embeddable":true,"href":"https:\/\/www.lymphoma.ca\/fr\/wp-json\/wp\/v2\/categories?post=1960"},{"taxonomy":"post_tag","embeddable":true,"href":"https:\/\/www.lymphoma.ca\/fr\/wp-json\/wp\/v2\/tags?post=1960"}],"curies":[{"name":"wp","href":"https:\/\/api.w.org\/{rel}","templated":true}]}}