{"id":1963,"date":"2013-07-18T15:45:02","date_gmt":"2013-07-18T15:45:02","guid":{"rendered":"https:\/\/www.lymphoma.ca\/une-semaine-de-rendez-vous\/"},"modified":"2013-07-18T15:45:02","modified_gmt":"2013-07-18T15:45:02","slug":"une-semaine-de-rendez-vous","status":"publish","type":"post","link":"https:\/\/www.lymphoma.ca\/fr\/une-semaine-de-rendez-vous\/","title":{"rendered":"Une semaine de rendez-vous"},"content":{"rendered":"<p>Je n\u2019ai pas mis le blogue \u00e0 jour depuis un moment, parce que juste ciel que je suis fatigu\u00e9e! La semaine qui vient de passer a \u00e9t\u00e9 folle, occup\u00e9e et intense, et je suis simplement compl\u00e8tement \u00e9puis\u00e9e.<br \/>\n<!--more--><\/p>\n<h3 class=\"fontFaceBig\">par Robin Harry<\/h3>\n<div class=\"sfsBlogContent\">\n<p>Je n\u2019ai pas mis le blogue \u00e0 jour depuis un moment, parce que juste ciel que je suis fatigu\u00e9e! La semaine qui vient de passer a \u00e9t\u00e9 folle, occup\u00e9e et intense, et je suis simplement compl\u00e8tement \u00e9puis\u00e9e. J\u2019ai d\u00fb me rendre \u00e0 quatre rendez-vous cette semaine seulement, j\u2019ai commenc\u00e9 un cours de cuisine, et j\u2019essaie de me tenir occup\u00e9e au travail. Je doute que mon corps soit pr\u00eat \u00e0 \u00eatre sollicit\u00e9 de la sorte, de fa\u00e7on aussi intensive, parce qu\u2019honn\u00eatement, je suis \u00e0 la veille de m\u2019effondrer. Et je ne commencerai pas \u00e0 vous dire \u00e0 quel point je suis f\u00e2ch\u00e9e contre NBC\/Sony d\u2019avoir laiss\u00e9 partir Dan Harmon de l\u2019\u00e9mission extraordinaire qu\u2019il avait lui-m\u00eame cr\u00e9\u00e9e, <em>Community<\/em>.<\/p>\n<p>Je suis all\u00e9e \u00e0 mon tout premier rendez-vous de suivi en oncologie, qui est encadr\u00e9 par un nouveau programme mis en place par l\u2019h\u00f4pital, appel\u00e9 Transition Care\/Survivorship Clinic. Il a \u00e9t\u00e9 si r\u00e9cemment implant\u00e9, que j\u2019en suis la premi\u00e8re patiente! Ce programme vise \u00e0 aider les canc\u00e9reux \u00e0 effectuer une transition vers le retour aux soins du m\u00e9decin g\u00e9n\u00e9raliste. En somme, la clinique agit comme interm\u00e9diaire; on s\u2019assure d\u2019acheminer toutes les informations au m\u00e9decin g\u00e9n\u00e9raliste et de l\u2019informer de tous les examens qui sont requis, leur moment, leur fr\u00e9quence, qu\u2019est-ce qu\u2019on cherche \u00e0 v\u00e9rifier, quelles questions poser, etc. On s\u2019assure aussi que le patient est conscient de ce qui est attendu de lui ou d\u2019elle, du moment o\u00f9 il sera n\u00e9cessaire de passer des examens, et des questions qu\u2019il faudra poser au m\u00e9decin.<\/p>\n<p>Le travail de la clinique est tr\u00e8s efficace et tr\u00e8s personnalis\u00e9, selon ce que j\u2019ai pu constater. D\u2019abord, avant m\u00eame que j\u2019entre dans le cabinet, j\u2019ai d\u00fb remplir un questionnaire afin d\u2019\u00e9valuer ma condition physique et psychologique actuelle, mon \u00e9tat g\u00e9n\u00e9ral, et tout ennui de sant\u00e9 ou de la vie courante qui me pose probl\u00e8me. Le fait que le m\u00e9decin sache la mani\u00e8re dont il conduira la rencontre aide beaucoup. De plus, ils ont m\u00eame une brochure qui traite sp\u00e9cifiquement du type de cancer duquel je suis atteinte (comment ne pas aimer les soins industrialis\u00e9s), afin de s\u2019assurer que mon m\u00e9decin g\u00e9n\u00e9raliste et moi-m\u00eame sommes au m\u00eame diapason. Ce programme semble tr\u00e8s complet; je suis ravie d\u2019en faire partie!<\/p>\n<p>J\u2019ai \u00e9galement commenc\u00e9 le contr\u00f4le de mes cycles menstruels la semaine derni\u00e8re. Je me suis rendue l\u00e0-bas trois fois jusqu\u2019ici cette semaine. Les \u00e9chographies, les prises de sang, et les rencontres avec le m\u00e9decin \u00e0 chaque visite, c\u2019est tr\u00e8s lassant, d\u2019autant plus que les rendez-vous sont tous t\u00f4t le matin (m\u00eame les fins de semaine), et comme la clinique n\u2019est pas tout \u00e0 c\u00f4t\u00e9 de la maison, je manque un peu de sommeil.<\/p>\n<p>\u00c0 part mon grand \u00e9puisement, je n\u2019ai rien \u00e0 signaler. J\u2019essaie simplement de profiter de la vie autant que possible, et je dois dire que je m\u2019en sors plut\u00f4t bien.<\/p>\n<p>Bien que je n\u2019aie pas encore admis que Dan Harmon ait \u00e9t\u00e9 expuls\u00e9 de <em>Community<\/em>. C\u2019est exactement l\u2019antith\u00e8se de Batman.<\/p>\n<\/div>\n","protected":false},"excerpt":{"rendered":"<p>Je n\u2019ai pas mis le blogue \u00e0 jour depuis un moment, parce que juste ciel que je suis fatigu\u00e9e! La semaine qui vient de passer a \u00e9t\u00e9 folle, occup\u00e9e et&#8230;<\/p>\n","protected":false},"author":1,"featured_media":1605,"comment_status":"closed","ping_status":"closed","sticky":false,"template":"","format":"standard","meta":{"_acf_changed":false,"footnotes":""},"categories":[15],"tags":[],"class_list":{"0":"post-1963","1":"post","2":"type-post","3":"status-publish","4":"format-standard","5":"has-post-thumbnail","7":"category-blogue"},"acf":[],"yoast_head":"<!-- This site is optimized with the Yoast SEO plugin v26.7 - https:\/\/yoast.com\/wordpress\/plugins\/seo\/ -->\n<title>Une semaine de rendez-vous - Lymphoma Canada<\/title>\n<meta name=\"robots\" content=\"index, follow, max-snippet:-1, max-image-preview:large, max-video-preview:-1\" \/>\n<link rel=\"canonical\" href=\"https:\/\/www.lymphoma.ca\/fr\/une-semaine-de-rendez-vous\/\" \/>\n<meta property=\"og:locale\" content=\"fr_FR\" \/>\n<meta property=\"og:type\" content=\"article\" \/>\n<meta property=\"og:title\" content=\"Une semaine de rendez-vous - Lymphoma Canada\" \/>\n<meta property=\"og:description\" content=\"Je n\u2019ai pas mis le blogue \u00e0 jour depuis un moment, parce que juste ciel que je suis fatigu\u00e9e! La semaine qui vient de passer a \u00e9t\u00e9 folle, occup\u00e9e et...\" \/>\n<meta property=\"og:url\" content=\"https:\/\/www.lymphoma.ca\/fr\/une-semaine-de-rendez-vous\/\" \/>\n<meta property=\"og:site_name\" content=\"Lymphoma Canada\" \/>\n<meta property=\"article:publisher\" content=\"https:\/\/www.facebook.com\/LymphomaCanada\" \/>\n<meta property=\"article:published_time\" content=\"2013-07-18T15:45:02+00:00\" \/>\n<meta property=\"og:image\" content=\"https:\/\/www.lymphoma.ca\/wp-content\/uploads\/2013\/07\/harry-support-blog-picture.jpg\" \/>\n\t<meta property=\"og:image:width\" content=\"800\" \/>\n\t<meta property=\"og:image:height\" content=\"343\" \/>\n\t<meta property=\"og:image:type\" content=\"image\/jpeg\" \/>\n<meta name=\"author\" content=\"admin\" \/>\n<meta name=\"twitter:card\" content=\"summary_large_image\" \/>\n<meta name=\"twitter:creator\" content=\"@lymphomacanada\" \/>\n<meta name=\"twitter:site\" content=\"@lymphomacanada\" \/>\n<meta name=\"twitter:label1\" content=\"\u00c9crit par\" \/>\n\t<meta name=\"twitter:data1\" content=\"admin\" \/>\n\t<meta name=\"twitter:label2\" content=\"Dur\u00e9e de lecture estim\u00e9e\" \/>\n\t<meta name=\"twitter:data2\" content=\"3 minutes\" \/>\n<script type=\"application\/ld+json\" class=\"yoast-schema-graph\">{\"@context\":\"https:\/\/schema.org\",\"@graph\":[{\"@type\":\"Article\",\"@id\":\"https:\/\/www.lymphoma.ca\/fr\/une-semaine-de-rendez-vous\/#article\",\"isPartOf\":{\"@id\":\"https:\/\/www.lymphoma.ca\/fr\/une-semaine-de-rendez-vous\/\"},\"author\":{\"name\":\"admin\",\"@id\":\"https:\/\/www.lymphoma.ca\/fr\/#\/schema\/person\/3f654528f96ee33030061e70192633c4\"},\"headline\":\"Une semaine de rendez-vous\",\"datePublished\":\"2013-07-18T15:45:02+00:00\",\"mainEntityOfPage\":{\"@id\":\"https:\/\/www.lymphoma.ca\/fr\/une-semaine-de-rendez-vous\/\"},\"wordCount\":619,\"publisher\":{\"@id\":\"https:\/\/www.lymphoma.ca\/fr\/#organization\"},\"image\":{\"@id\":\"https:\/\/www.lymphoma.ca\/fr\/une-semaine-de-rendez-vous\/#primaryimage\"},\"thumbnailUrl\":\"https:\/\/www.lymphoma.ca\/wp-content\/uploads\/2013\/07\/harry-support-blog-picture.jpg\",\"articleSection\":[\"Blogue\"],\"inLanguage\":\"fr-FR\"},{\"@type\":\"WebPage\",\"@id\":\"https:\/\/www.lymphoma.ca\/fr\/une-semaine-de-rendez-vous\/\",\"url\":\"https:\/\/www.lymphoma.ca\/fr\/une-semaine-de-rendez-vous\/\",\"name\":\"Une semaine de rendez-vous - Lymphoma Canada\",\"isPartOf\":{\"@id\":\"https:\/\/www.lymphoma.ca\/fr\/#website\"},\"primaryImageOfPage\":{\"@id\":\"https:\/\/www.lymphoma.ca\/fr\/une-semaine-de-rendez-vous\/#primaryimage\"},\"image\":{\"@id\":\"https:\/\/www.lymphoma.ca\/fr\/une-semaine-de-rendez-vous\/#primaryimage\"},\"thumbnailUrl\":\"https:\/\/www.lymphoma.ca\/wp-content\/uploads\/2013\/07\/harry-support-blog-picture.jpg\",\"datePublished\":\"2013-07-18T15:45:02+00:00\",\"breadcrumb\":{\"@id\":\"https:\/\/www.lymphoma.ca\/fr\/une-semaine-de-rendez-vous\/#breadcrumb\"},\"inLanguage\":\"fr-FR\",\"potentialAction\":[{\"@type\":\"ReadAction\",\"target\":[\"https:\/\/www.lymphoma.ca\/fr\/une-semaine-de-rendez-vous\/\"]}]},{\"@type\":\"ImageObject\",\"inLanguage\":\"fr-FR\",\"@id\":\"https:\/\/www.lymphoma.ca\/fr\/une-semaine-de-rendez-vous\/#primaryimage\",\"url\":\"https:\/\/www.lymphoma.ca\/wp-content\/uploads\/2013\/07\/harry-support-blog-picture.jpg\",\"contentUrl\":\"https:\/\/www.lymphoma.ca\/wp-content\/uploads\/2013\/07\/harry-support-blog-picture.jpg\",\"width\":800,\"height\":343},{\"@type\":\"BreadcrumbList\",\"@id\":\"https:\/\/www.lymphoma.ca\/fr\/une-semaine-de-rendez-vous\/#breadcrumb\",\"itemListElement\":[{\"@type\":\"ListItem\",\"position\":1,\"name\":\"Home\",\"item\":\"https:\/\/www.lymphoma.ca\/fr\/\"},{\"@type\":\"ListItem\",\"position\":2,\"name\":\"Une semaine de rendez-vous\"}]},{\"@type\":\"WebSite\",\"@id\":\"https:\/\/www.lymphoma.ca\/fr\/#website\",\"url\":\"https:\/\/www.lymphoma.ca\/fr\/\",\"name\":\"Lymphoma Canada\",\"description\":\"Information. Help. Hope.\",\"publisher\":{\"@id\":\"https:\/\/www.lymphoma.ca\/fr\/#organization\"},\"potentialAction\":[{\"@type\":\"SearchAction\",\"target\":{\"@type\":\"EntryPoint\",\"urlTemplate\":\"https:\/\/www.lymphoma.ca\/fr\/?s={search_term_string}\"},\"query-input\":{\"@type\":\"PropertyValueSpecification\",\"valueRequired\":true,\"valueName\":\"search_term_string\"}}],\"inLanguage\":\"fr-FR\"},{\"@type\":\"Organization\",\"@id\":\"https:\/\/www.lymphoma.ca\/fr\/#organization\",\"name\":\"Lymphoma Canada\",\"url\":\"https:\/\/www.lymphoma.ca\/fr\/\",\"logo\":{\"@type\":\"ImageObject\",\"inLanguage\":\"fr-FR\",\"@id\":\"https:\/\/www.lymphoma.ca\/fr\/#\/schema\/logo\/image\/\",\"url\":\"https:\/\/www.lymphoma.ca\/wp-content\/uploads\/2023\/05\/logo-lymphoma.jpg\",\"contentUrl\":\"https:\/\/www.lymphoma.ca\/wp-content\/uploads\/2023\/05\/logo-lymphoma.jpg\",\"width\":343,\"height\":343,\"caption\":\"Lymphoma Canada\"},\"image\":{\"@id\":\"https:\/\/www.lymphoma.ca\/fr\/#\/schema\/logo\/image\/\"},\"sameAs\":[\"https:\/\/www.facebook.com\/LymphomaCanada\",\"https:\/\/x.com\/lymphomacanada\",\"https:\/\/www.linkedin.com\/company\/lymphoma-canada\/\",\"http:\/\/instagram.com\/lymphomacanada\",\"http:\/\/www.youtube.com\/user\/LymphomaTV\"]},{\"@type\":\"Person\",\"@id\":\"https:\/\/www.lymphoma.ca\/fr\/#\/schema\/person\/3f654528f96ee33030061e70192633c4\",\"name\":\"admin\",\"image\":{\"@type\":\"ImageObject\",\"inLanguage\":\"fr-FR\",\"@id\":\"https:\/\/www.lymphoma.ca\/fr\/#\/schema\/person\/image\/\",\"url\":\"https:\/\/secure.gravatar.com\/avatar\/f8f0e240f88d3162ad64d22cede41425?s=96&d=mm&r=g\",\"contentUrl\":\"https:\/\/secure.gravatar.com\/avatar\/f8f0e240f88d3162ad64d22cede41425?s=96&d=mm&r=g\",\"caption\":\"admin\"},\"url\":\"https:\/\/www.lymphoma.ca\/fr\/author\/erezz_oxmaxp0p\/\"}]}<\/script>\n<!-- \/ Yoast SEO plugin. -->","yoast_head_json":{"title":"Une semaine de rendez-vous - Lymphoma Canada","robots":{"index":"index","follow":"follow","max-snippet":"max-snippet:-1","max-image-preview":"max-image-preview:large","max-video-preview":"max-video-preview:-1"},"canonical":"https:\/\/www.lymphoma.ca\/fr\/une-semaine-de-rendez-vous\/","og_locale":"fr_FR","og_type":"article","og_title":"Une semaine de rendez-vous - Lymphoma Canada","og_description":"Je n\u2019ai pas mis le blogue \u00e0 jour depuis un moment, parce que juste ciel que je suis fatigu\u00e9e! La semaine qui vient de passer a \u00e9t\u00e9 folle, occup\u00e9e et...","og_url":"https:\/\/www.lymphoma.ca\/fr\/une-semaine-de-rendez-vous\/","og_site_name":"Lymphoma Canada","article_publisher":"https:\/\/www.facebook.com\/LymphomaCanada","article_published_time":"2013-07-18T15:45:02+00:00","og_image":[{"width":800,"height":343,"url":"https:\/\/www.lymphoma.ca\/wp-content\/uploads\/2013\/07\/harry-support-blog-picture.jpg","type":"image\/jpeg"}],"author":"admin","twitter_card":"summary_large_image","twitter_creator":"@lymphomacanada","twitter_site":"@lymphomacanada","twitter_misc":{"\u00c9crit par":"admin","Dur\u00e9e de lecture estim\u00e9e":"3 minutes"},"schema":{"@context":"https:\/\/schema.org","@graph":[{"@type":"Article","@id":"https:\/\/www.lymphoma.ca\/fr\/une-semaine-de-rendez-vous\/#article","isPartOf":{"@id":"https:\/\/www.lymphoma.ca\/fr\/une-semaine-de-rendez-vous\/"},"author":{"name":"admin","@id":"https:\/\/www.lymphoma.ca\/fr\/#\/schema\/person\/3f654528f96ee33030061e70192633c4"},"headline":"Une semaine de rendez-vous","datePublished":"2013-07-18T15:45:02+00:00","mainEntityOfPage":{"@id":"https:\/\/www.lymphoma.ca\/fr\/une-semaine-de-rendez-vous\/"},"wordCount":619,"publisher":{"@id":"https:\/\/www.lymphoma.ca\/fr\/#organization"},"image":{"@id":"https:\/\/www.lymphoma.ca\/fr\/une-semaine-de-rendez-vous\/#primaryimage"},"thumbnailUrl":"https:\/\/www.lymphoma.ca\/wp-content\/uploads\/2013\/07\/harry-support-blog-picture.jpg","articleSection":["Blogue"],"inLanguage":"fr-FR"},{"@type":"WebPage","@id":"https:\/\/www.lymphoma.ca\/fr\/une-semaine-de-rendez-vous\/","url":"https:\/\/www.lymphoma.ca\/fr\/une-semaine-de-rendez-vous\/","name":"Une semaine de rendez-vous - Lymphoma Canada","isPartOf":{"@id":"https:\/\/www.lymphoma.ca\/fr\/#website"},"primaryImageOfPage":{"@id":"https:\/\/www.lymphoma.ca\/fr\/une-semaine-de-rendez-vous\/#primaryimage"},"image":{"@id":"https:\/\/www.lymphoma.ca\/fr\/une-semaine-de-rendez-vous\/#primaryimage"},"thumbnailUrl":"https:\/\/www.lymphoma.ca\/wp-content\/uploads\/2013\/07\/harry-support-blog-picture.jpg","datePublished":"2013-07-18T15:45:02+00:00","breadcrumb":{"@id":"https:\/\/www.lymphoma.ca\/fr\/une-semaine-de-rendez-vous\/#breadcrumb"},"inLanguage":"fr-FR","potentialAction":[{"@type":"ReadAction","target":["https:\/\/www.lymphoma.ca\/fr\/une-semaine-de-rendez-vous\/"]}]},{"@type":"ImageObject","inLanguage":"fr-FR","@id":"https:\/\/www.lymphoma.ca\/fr\/une-semaine-de-rendez-vous\/#primaryimage","url":"https:\/\/www.lymphoma.ca\/wp-content\/uploads\/2013\/07\/harry-support-blog-picture.jpg","contentUrl":"https:\/\/www.lymphoma.ca\/wp-content\/uploads\/2013\/07\/harry-support-blog-picture.jpg","width":800,"height":343},{"@type":"BreadcrumbList","@id":"https:\/\/www.lymphoma.ca\/fr\/une-semaine-de-rendez-vous\/#breadcrumb","itemListElement":[{"@type":"ListItem","position":1,"name":"Home","item":"https:\/\/www.lymphoma.ca\/fr\/"},{"@type":"ListItem","position":2,"name":"Une semaine de rendez-vous"}]},{"@type":"WebSite","@id":"https:\/\/www.lymphoma.ca\/fr\/#website","url":"https:\/\/www.lymphoma.ca\/fr\/","name":"Lymphoma Canada","description":"Information. Help. Hope.","publisher":{"@id":"https:\/\/www.lymphoma.ca\/fr\/#organization"},"potentialAction":[{"@type":"SearchAction","target":{"@type":"EntryPoint","urlTemplate":"https:\/\/www.lymphoma.ca\/fr\/?s={search_term_string}"},"query-input":{"@type":"PropertyValueSpecification","valueRequired":true,"valueName":"search_term_string"}}],"inLanguage":"fr-FR"},{"@type":"Organization","@id":"https:\/\/www.lymphoma.ca\/fr\/#organization","name":"Lymphoma Canada","url":"https:\/\/www.lymphoma.ca\/fr\/","logo":{"@type":"ImageObject","inLanguage":"fr-FR","@id":"https:\/\/www.lymphoma.ca\/fr\/#\/schema\/logo\/image\/","url":"https:\/\/www.lymphoma.ca\/wp-content\/uploads\/2023\/05\/logo-lymphoma.jpg","contentUrl":"https:\/\/www.lymphoma.ca\/wp-content\/uploads\/2023\/05\/logo-lymphoma.jpg","width":343,"height":343,"caption":"Lymphoma Canada"},"image":{"@id":"https:\/\/www.lymphoma.ca\/fr\/#\/schema\/logo\/image\/"},"sameAs":["https:\/\/www.facebook.com\/LymphomaCanada","https:\/\/x.com\/lymphomacanada","https:\/\/www.linkedin.com\/company\/lymphoma-canada\/","http:\/\/instagram.com\/lymphomacanada","http:\/\/www.youtube.com\/user\/LymphomaTV"]},{"@type":"Person","@id":"https:\/\/www.lymphoma.ca\/fr\/#\/schema\/person\/3f654528f96ee33030061e70192633c4","name":"admin","image":{"@type":"ImageObject","inLanguage":"fr-FR","@id":"https:\/\/www.lymphoma.ca\/fr\/#\/schema\/person\/image\/","url":"https:\/\/secure.gravatar.com\/avatar\/f8f0e240f88d3162ad64d22cede41425?s=96&d=mm&r=g","contentUrl":"https:\/\/secure.gravatar.com\/avatar\/f8f0e240f88d3162ad64d22cede41425?s=96&d=mm&r=g","caption":"admin"},"url":"https:\/\/www.lymphoma.ca\/fr\/author\/erezz_oxmaxp0p\/"}]}},"_links":{"self":[{"href":"https:\/\/www.lymphoma.ca\/fr\/wp-json\/wp\/v2\/posts\/1963","targetHints":{"allow":["GET"]}}],"collection":[{"href":"https:\/\/www.lymphoma.ca\/fr\/wp-json\/wp\/v2\/posts"}],"about":[{"href":"https:\/\/www.lymphoma.ca\/fr\/wp-json\/wp\/v2\/types\/post"}],"author":[{"embeddable":true,"href":"https:\/\/www.lymphoma.ca\/fr\/wp-json\/wp\/v2\/users\/1"}],"replies":[{"embeddable":true,"href":"https:\/\/www.lymphoma.ca\/fr\/wp-json\/wp\/v2\/comments?post=1963"}],"version-history":[{"count":0,"href":"https:\/\/www.lymphoma.ca\/fr\/wp-json\/wp\/v2\/posts\/1963\/revisions"}],"wp:featuredmedia":[{"embeddable":true,"href":"https:\/\/www.lymphoma.ca\/fr\/wp-json\/wp\/v2\/media\/1605"}],"wp:attachment":[{"href":"https:\/\/www.lymphoma.ca\/fr\/wp-json\/wp\/v2\/media?parent=1963"}],"wp:term":[{"taxonomy":"category","embeddable":true,"href":"https:\/\/www.lymphoma.ca\/fr\/wp-json\/wp\/v2\/categories?post=1963"},{"taxonomy":"post_tag","embeddable":true,"href":"https:\/\/www.lymphoma.ca\/fr\/wp-json\/wp\/v2\/tags?post=1963"}],"curies":[{"name":"wp","href":"https:\/\/api.w.org\/{rel}","templated":true}]}}