{"id":2961,"date":"2018-06-21T00:50:47","date_gmt":"2018-06-21T00:50:47","guid":{"rendered":"https:\/\/www.lymphoma.ca\/dr-joseph-m-connors-2\/"},"modified":"2020-12-21T23:25:45","modified_gmt":"2020-12-21T23:25:45","slug":"dr-joseph-connors","status":"publish","type":"post","link":"https:\/\/www.lymphoma.ca\/fr\/dr-joseph-connors\/","title":{"rendered":"Dr Joseph M. Connors"},"content":{"rendered":"<p>Nomination \u00e0 l\u2019Ordre du Canada<\/p>\n<p>Son Excellence la tr\u00e8s honorable Julie Payette, gouverneure g\u00e9n\u00e9rale du Canada, a annonc\u00e9 les nouvelles nominations de l\u2019ann\u00e9e au sein de l\u2019Ordre du Canada, dont celle du Dr Joseph Connors nomm\u00e9 membre de l\u2019Ordre. Il a \u00e9t\u00e9 reconnu \u00ab\u00a0pour sa contribution \u00e0 la recherche et au traitement des cancers lympho\u00efdes, et pour son r\u00f4le dans l\u2019avancement du traitement des lymphomes au Canada\u00a0\u00bb.<\/p>\n<p>Nous f\u00e9licitons le Dr Connors d\u2019avoir \u00e9t\u00e9 nomm\u00e9 r\u00e9cipiendaire de la plus prestigieuse distinction honorifique civile qui puisse \u00eatre d\u00e9cern\u00e9e \u00e0 un Canadien. Ses r\u00e9alisations exceptionnelles ont am\u00e9lior\u00e9 la qualit\u00e9 de vie des patients atteints d\u2019un lymphome dans tout le pays.<\/p>\n<p>L\u2019histoire avec Lymphome Canada<\/p>\n<p>La participation du Dr Connors aux activit\u00e9s de Lymphome Canada remonte \u00e0 notre stade embryonnaire. Certains patients, apr\u00e8s avoir eu l\u2019id\u00e9e de cr\u00e9er un organisme de soutien pour les personnes atteintes d\u2019un lymphome, s\u2019adressent au Dr Connors pour obtenir son appui et ses bons conseils. R\u00e9pondant \u00e0 leurs demandes, le Dr Connors a jou\u00e9 un r\u00f4le d\u00e9terminant dans la mise sur pied d\u2019un plan qui a men\u00e9 \u00e0 la cr\u00e9ation de notre organisme.\u00a0Il a \u00e9galement \u00e9t\u00e9 le premier pr\u00e9sident du comit\u00e9 consultatif scientifique de Lymphome Canada.<\/p>\n<p>Titulaire d\u2019un dipl\u00f4me de m\u00e9decine de la Yale University, le Dr Connors fait sa r\u00e9sidence en m\u00e9decine interne, puis devient r\u00e9sident en chef de la University of North Carolina, \u00e0 Chapel Hill. Il travaille plus tard deux ans au Indian Health Service en Alaska avant de terminer son postdoctorat en oncologie m\u00e9dicale \u00e0 la Stanford University, sous la direction du Dr Saul Rosenberg. En 1981, il accepte un poste en oncologie m\u00e9dicale \u00e0 la BC Cancer Agency et, depuis lors, il est membre de la facult\u00e9 de m\u00e9decine de l\u2019Universit\u00e9 de la Colombie-Britannique o\u00f9, en 1997, il acc\u00e8de au poste de professeur clinique.<\/p>\n<p>Actuellement, le Dr Connors est professeur clinique du d\u00e9partement de m\u00e9decine de la Division d\u2019oncologie m\u00e9dicale \u00e0 l\u2019Universit\u00e9 de la Colombie-Britannique et pr\u00e9sident du Lymphoma Tumor Group de la British Columbia Cancer Agency. Ses activit\u00e9s cliniques et ses travaux de recherche portent sur l\u2019acquisition d\u2019une meilleure compr\u00e9hension des cancers lympho\u00efdes. Le Dr Connors est reconnu \u00e0 l\u2019\u00e9chelle nationale et internationale pour ses travaux dans le domaine du lymphome.<\/p>\n<p>Le Dr Connors assume les r\u00f4les suivants :<\/p>\n<ul>\n<li>Professeur clinique, facult\u00e9 de m\u00e9decine, Universit\u00e9 de la Colombie-Britannique<\/li>\n<li>Oncologue m\u00e9dical, B.C. Cancer Agency<\/li>\n<li>Chef, Provincial Lymphoma Tumour Group, B.C. Cancer Agency<\/li>\n<li>Directeur clinique, B.C. Cancer Agency, Centre for Lymphoid Cancer<\/li>\n<\/ul>\n<p>Le Dr Connors a publi\u00e9 plus de 250 articles scientifiques revus par des pairs concernant diff\u00e9rents aspects de la recherche sur les cancers lympho\u00efdes. Son talent lui a valu de nombreux prix, dont le prix Terry Fox pour la recherche sur le cancer de l\u2019Association m\u00e9dicale de la Colombie-Britannique, le <em>Bernard L. Schwartz Memorial Award<\/em> du Scripps health system, San Diego (Californie), le Prix John W. Whittick Memorial Soci\u00e9t\u00e9 canadienne du cancer de la Saskatchewan Medical Association et le <em>Karl Musshoff Award<\/em> du German Hodgkin Lymphoma Study Group, Cologne (Allemagne).<\/p>\n<p>Ardent d\u00e9fenseur des droits des patients, le Dr Connors a marqu\u00e9 la vie d\u2019innombrables patients atteints d\u2019un lymphome et form\u00e9 de nombreux h\u00e9matologues qui partagent leurs connaissances au profit des patients de tout le pays et de ceux \u00e0 l\u2019\u00e9tranger.<\/p>\n<p>R\u00e9cemment, le Dr Connors a pris sa retraite apr\u00e8s une longue et \u00e9minente carri\u00e8re \u00e0 la BCCA, Vancouver.<\/p>\n","protected":false},"excerpt":{"rendered":"<p>Nomination \u00e0 l\u2019Ordre du Canada Son Excellence la tr\u00e8s honorable Julie Payette, gouverneure g\u00e9n\u00e9rale du Canada, a annonc\u00e9 les nouvelles nominations de l\u2019ann\u00e9e au sein de l\u2019Ordre du Canada, dont&#8230;<\/p>\n","protected":false},"author":6,"featured_media":2959,"comment_status":"closed","ping_status":"closed","sticky":false,"template":"","format":"standard","meta":{"_acf_changed":false,"footnotes":""},"categories":[10],"tags":[],"class_list":{"0":"post-2961","1":"post","2":"type-post","3":"status-publish","4":"format-standard","5":"has-post-thumbnail","7":"category-nouvelles"},"acf":[],"yoast_head":"<!-- This site is optimized with the Yoast SEO plugin v26.7 - https:\/\/yoast.com\/wordpress\/plugins\/seo\/ -->\n<title>Dr Joseph M. Connors - Lymphoma Canada<\/title>\n<meta name=\"robots\" content=\"index, follow, max-snippet:-1, max-image-preview:large, max-video-preview:-1\" \/>\n<link rel=\"canonical\" href=\"https:\/\/www.lymphoma.ca\/fr\/dr-joseph-connors\/\" \/>\n<meta property=\"og:locale\" content=\"fr_FR\" \/>\n<meta property=\"og:type\" content=\"article\" \/>\n<meta property=\"og:title\" content=\"Dr Joseph M. Connors - Lymphoma Canada\" \/>\n<meta property=\"og:description\" content=\"Nomination \u00e0 l\u2019Ordre du Canada Son Excellence la tr\u00e8s honorable Julie Payette, gouverneure g\u00e9n\u00e9rale du Canada, a annonc\u00e9 les nouvelles nominations de l\u2019ann\u00e9e au sein de l\u2019Ordre du Canada, dont...\" \/>\n<meta property=\"og:url\" content=\"https:\/\/www.lymphoma.ca\/fr\/dr-joseph-connors\/\" \/>\n<meta property=\"og:site_name\" content=\"Lymphoma Canada\" \/>\n<meta property=\"article:publisher\" content=\"https:\/\/www.facebook.com\/LymphomaCanada\" \/>\n<meta property=\"article:published_time\" content=\"2018-06-21T00:50:47+00:00\" \/>\n<meta property=\"article:modified_time\" content=\"2020-12-21T23:25:45+00:00\" \/>\n<meta property=\"og:image\" content=\"https:\/\/www.lymphoma.ca\/wp-content\/uploads\/2018\/06\/dr._connors.png\" \/>\n\t<meta property=\"og:image:width\" content=\"367\" \/>\n\t<meta property=\"og:image:height\" content=\"247\" \/>\n\t<meta property=\"og:image:type\" content=\"image\/png\" \/>\n<meta name=\"author\" content=\"laurad\" \/>\n<meta name=\"twitter:card\" content=\"summary_large_image\" \/>\n<meta name=\"twitter:creator\" content=\"@lymphomacanada\" \/>\n<meta name=\"twitter:site\" content=\"@lymphomacanada\" \/>\n<meta name=\"twitter:label1\" content=\"\u00c9crit par\" \/>\n\t<meta name=\"twitter:data1\" content=\"laurad\" \/>\n\t<meta name=\"twitter:label2\" content=\"Dur\u00e9e de lecture estim\u00e9e\" \/>\n\t<meta name=\"twitter:data2\" content=\"3 minutes\" \/>\n<script type=\"application\/ld+json\" class=\"yoast-schema-graph\">{\"@context\":\"https:\/\/schema.org\",\"@graph\":[{\"@type\":\"Article\",\"@id\":\"https:\/\/www.lymphoma.ca\/fr\/dr-joseph-connors\/#article\",\"isPartOf\":{\"@id\":\"https:\/\/www.lymphoma.ca\/fr\/dr-joseph-connors\/\"},\"author\":{\"name\":\"laurad\",\"@id\":\"https:\/\/www.lymphoma.ca\/fr\/#\/schema\/person\/a140ae13bdc702e5a6defcdf6513458c\"},\"headline\":\"Dr Joseph M. Connors\",\"datePublished\":\"2018-06-21T00:50:47+00:00\",\"dateModified\":\"2020-12-21T23:25:45+00:00\",\"mainEntityOfPage\":{\"@id\":\"https:\/\/www.lymphoma.ca\/fr\/dr-joseph-connors\/\"},\"wordCount\":619,\"publisher\":{\"@id\":\"https:\/\/www.lymphoma.ca\/fr\/#organization\"},\"image\":{\"@id\":\"https:\/\/www.lymphoma.ca\/fr\/dr-joseph-connors\/#primaryimage\"},\"thumbnailUrl\":\"https:\/\/www.lymphoma.ca\/wp-content\/uploads\/2018\/06\/dr._connors.png\",\"articleSection\":[\"Nouvelles\"],\"inLanguage\":\"fr-FR\"},{\"@type\":\"WebPage\",\"@id\":\"https:\/\/www.lymphoma.ca\/fr\/dr-joseph-connors\/\",\"url\":\"https:\/\/www.lymphoma.ca\/fr\/dr-joseph-connors\/\",\"name\":\"Dr Joseph M. Connors - Lymphoma Canada\",\"isPartOf\":{\"@id\":\"https:\/\/www.lymphoma.ca\/fr\/#website\"},\"primaryImageOfPage\":{\"@id\":\"https:\/\/www.lymphoma.ca\/fr\/dr-joseph-connors\/#primaryimage\"},\"image\":{\"@id\":\"https:\/\/www.lymphoma.ca\/fr\/dr-joseph-connors\/#primaryimage\"},\"thumbnailUrl\":\"https:\/\/www.lymphoma.ca\/wp-content\/uploads\/2018\/06\/dr._connors.png\",\"datePublished\":\"2018-06-21T00:50:47+00:00\",\"dateModified\":\"2020-12-21T23:25:45+00:00\",\"breadcrumb\":{\"@id\":\"https:\/\/www.lymphoma.ca\/fr\/dr-joseph-connors\/#breadcrumb\"},\"inLanguage\":\"fr-FR\",\"potentialAction\":[{\"@type\":\"ReadAction\",\"target\":[\"https:\/\/www.lymphoma.ca\/fr\/dr-joseph-connors\/\"]}]},{\"@type\":\"ImageObject\",\"inLanguage\":\"fr-FR\",\"@id\":\"https:\/\/www.lymphoma.ca\/fr\/dr-joseph-connors\/#primaryimage\",\"url\":\"https:\/\/www.lymphoma.ca\/wp-content\/uploads\/2018\/06\/dr._connors.png\",\"contentUrl\":\"https:\/\/www.lymphoma.ca\/wp-content\/uploads\/2018\/06\/dr._connors.png\",\"width\":367,\"height\":247},{\"@type\":\"BreadcrumbList\",\"@id\":\"https:\/\/www.lymphoma.ca\/fr\/dr-joseph-connors\/#breadcrumb\",\"itemListElement\":[{\"@type\":\"ListItem\",\"position\":1,\"name\":\"Home\",\"item\":\"https:\/\/www.lymphoma.ca\/fr\/\"},{\"@type\":\"ListItem\",\"position\":2,\"name\":\"Dr Joseph M. Connors\"}]},{\"@type\":\"WebSite\",\"@id\":\"https:\/\/www.lymphoma.ca\/fr\/#website\",\"url\":\"https:\/\/www.lymphoma.ca\/fr\/\",\"name\":\"Lymphoma Canada\",\"description\":\"Information. Help. Hope.\",\"publisher\":{\"@id\":\"https:\/\/www.lymphoma.ca\/fr\/#organization\"},\"potentialAction\":[{\"@type\":\"SearchAction\",\"target\":{\"@type\":\"EntryPoint\",\"urlTemplate\":\"https:\/\/www.lymphoma.ca\/fr\/?s={search_term_string}\"},\"query-input\":{\"@type\":\"PropertyValueSpecification\",\"valueRequired\":true,\"valueName\":\"search_term_string\"}}],\"inLanguage\":\"fr-FR\"},{\"@type\":\"Organization\",\"@id\":\"https:\/\/www.lymphoma.ca\/fr\/#organization\",\"name\":\"Lymphoma Canada\",\"url\":\"https:\/\/www.lymphoma.ca\/fr\/\",\"logo\":{\"@type\":\"ImageObject\",\"inLanguage\":\"fr-FR\",\"@id\":\"https:\/\/www.lymphoma.ca\/fr\/#\/schema\/logo\/image\/\",\"url\":\"https:\/\/www.lymphoma.ca\/wp-content\/uploads\/2023\/05\/logo-lymphoma.jpg\",\"contentUrl\":\"https:\/\/www.lymphoma.ca\/wp-content\/uploads\/2023\/05\/logo-lymphoma.jpg\",\"width\":343,\"height\":343,\"caption\":\"Lymphoma Canada\"},\"image\":{\"@id\":\"https:\/\/www.lymphoma.ca\/fr\/#\/schema\/logo\/image\/\"},\"sameAs\":[\"https:\/\/www.facebook.com\/LymphomaCanada\",\"https:\/\/x.com\/lymphomacanada\",\"https:\/\/www.linkedin.com\/company\/lymphoma-canada\/\",\"http:\/\/instagram.com\/lymphomacanada\",\"http:\/\/www.youtube.com\/user\/LymphomaTV\"]},{\"@type\":\"Person\",\"@id\":\"https:\/\/www.lymphoma.ca\/fr\/#\/schema\/person\/a140ae13bdc702e5a6defcdf6513458c\",\"name\":\"laurad\",\"image\":{\"@type\":\"ImageObject\",\"inLanguage\":\"fr-FR\",\"@id\":\"https:\/\/www.lymphoma.ca\/fr\/#\/schema\/person\/image\/\",\"url\":\"https:\/\/secure.gravatar.com\/avatar\/5d60e96e32647e356157f75379864ab1?s=96&d=mm&r=g\",\"contentUrl\":\"https:\/\/secure.gravatar.com\/avatar\/5d60e96e32647e356157f75379864ab1?s=96&d=mm&r=g\",\"caption\":\"laurad\"},\"url\":\"https:\/\/www.lymphoma.ca\/fr\/author\/laurad\/\"}]}<\/script>\n<!-- \/ Yoast SEO plugin. -->","yoast_head_json":{"title":"Dr Joseph M. Connors - Lymphoma Canada","robots":{"index":"index","follow":"follow","max-snippet":"max-snippet:-1","max-image-preview":"max-image-preview:large","max-video-preview":"max-video-preview:-1"},"canonical":"https:\/\/www.lymphoma.ca\/fr\/dr-joseph-connors\/","og_locale":"fr_FR","og_type":"article","og_title":"Dr Joseph M. Connors - Lymphoma Canada","og_description":"Nomination \u00e0 l\u2019Ordre du Canada Son Excellence la tr\u00e8s honorable Julie Payette, gouverneure g\u00e9n\u00e9rale du Canada, a annonc\u00e9 les nouvelles nominations de l\u2019ann\u00e9e au sein de l\u2019Ordre du Canada, dont...","og_url":"https:\/\/www.lymphoma.ca\/fr\/dr-joseph-connors\/","og_site_name":"Lymphoma Canada","article_publisher":"https:\/\/www.facebook.com\/LymphomaCanada","article_published_time":"2018-06-21T00:50:47+00:00","article_modified_time":"2020-12-21T23:25:45+00:00","og_image":[{"width":367,"height":247,"url":"https:\/\/www.lymphoma.ca\/wp-content\/uploads\/2018\/06\/dr._connors.png","type":"image\/png"}],"author":"laurad","twitter_card":"summary_large_image","twitter_creator":"@lymphomacanada","twitter_site":"@lymphomacanada","twitter_misc":{"\u00c9crit par":"laurad","Dur\u00e9e de lecture estim\u00e9e":"3 minutes"},"schema":{"@context":"https:\/\/schema.org","@graph":[{"@type":"Article","@id":"https:\/\/www.lymphoma.ca\/fr\/dr-joseph-connors\/#article","isPartOf":{"@id":"https:\/\/www.lymphoma.ca\/fr\/dr-joseph-connors\/"},"author":{"name":"laurad","@id":"https:\/\/www.lymphoma.ca\/fr\/#\/schema\/person\/a140ae13bdc702e5a6defcdf6513458c"},"headline":"Dr Joseph M. Connors","datePublished":"2018-06-21T00:50:47+00:00","dateModified":"2020-12-21T23:25:45+00:00","mainEntityOfPage":{"@id":"https:\/\/www.lymphoma.ca\/fr\/dr-joseph-connors\/"},"wordCount":619,"publisher":{"@id":"https:\/\/www.lymphoma.ca\/fr\/#organization"},"image":{"@id":"https:\/\/www.lymphoma.ca\/fr\/dr-joseph-connors\/#primaryimage"},"thumbnailUrl":"https:\/\/www.lymphoma.ca\/wp-content\/uploads\/2018\/06\/dr._connors.png","articleSection":["Nouvelles"],"inLanguage":"fr-FR"},{"@type":"WebPage","@id":"https:\/\/www.lymphoma.ca\/fr\/dr-joseph-connors\/","url":"https:\/\/www.lymphoma.ca\/fr\/dr-joseph-connors\/","name":"Dr Joseph M. Connors - Lymphoma Canada","isPartOf":{"@id":"https:\/\/www.lymphoma.ca\/fr\/#website"},"primaryImageOfPage":{"@id":"https:\/\/www.lymphoma.ca\/fr\/dr-joseph-connors\/#primaryimage"},"image":{"@id":"https:\/\/www.lymphoma.ca\/fr\/dr-joseph-connors\/#primaryimage"},"thumbnailUrl":"https:\/\/www.lymphoma.ca\/wp-content\/uploads\/2018\/06\/dr._connors.png","datePublished":"2018-06-21T00:50:47+00:00","dateModified":"2020-12-21T23:25:45+00:00","breadcrumb":{"@id":"https:\/\/www.lymphoma.ca\/fr\/dr-joseph-connors\/#breadcrumb"},"inLanguage":"fr-FR","potentialAction":[{"@type":"ReadAction","target":["https:\/\/www.lymphoma.ca\/fr\/dr-joseph-connors\/"]}]},{"@type":"ImageObject","inLanguage":"fr-FR","@id":"https:\/\/www.lymphoma.ca\/fr\/dr-joseph-connors\/#primaryimage","url":"https:\/\/www.lymphoma.ca\/wp-content\/uploads\/2018\/06\/dr._connors.png","contentUrl":"https:\/\/www.lymphoma.ca\/wp-content\/uploads\/2018\/06\/dr._connors.png","width":367,"height":247},{"@type":"BreadcrumbList","@id":"https:\/\/www.lymphoma.ca\/fr\/dr-joseph-connors\/#breadcrumb","itemListElement":[{"@type":"ListItem","position":1,"name":"Home","item":"https:\/\/www.lymphoma.ca\/fr\/"},{"@type":"ListItem","position":2,"name":"Dr Joseph M. Connors"}]},{"@type":"WebSite","@id":"https:\/\/www.lymphoma.ca\/fr\/#website","url":"https:\/\/www.lymphoma.ca\/fr\/","name":"Lymphoma Canada","description":"Information. Help. Hope.","publisher":{"@id":"https:\/\/www.lymphoma.ca\/fr\/#organization"},"potentialAction":[{"@type":"SearchAction","target":{"@type":"EntryPoint","urlTemplate":"https:\/\/www.lymphoma.ca\/fr\/?s={search_term_string}"},"query-input":{"@type":"PropertyValueSpecification","valueRequired":true,"valueName":"search_term_string"}}],"inLanguage":"fr-FR"},{"@type":"Organization","@id":"https:\/\/www.lymphoma.ca\/fr\/#organization","name":"Lymphoma Canada","url":"https:\/\/www.lymphoma.ca\/fr\/","logo":{"@type":"ImageObject","inLanguage":"fr-FR","@id":"https:\/\/www.lymphoma.ca\/fr\/#\/schema\/logo\/image\/","url":"https:\/\/www.lymphoma.ca\/wp-content\/uploads\/2023\/05\/logo-lymphoma.jpg","contentUrl":"https:\/\/www.lymphoma.ca\/wp-content\/uploads\/2023\/05\/logo-lymphoma.jpg","width":343,"height":343,"caption":"Lymphoma Canada"},"image":{"@id":"https:\/\/www.lymphoma.ca\/fr\/#\/schema\/logo\/image\/"},"sameAs":["https:\/\/www.facebook.com\/LymphomaCanada","https:\/\/x.com\/lymphomacanada","https:\/\/www.linkedin.com\/company\/lymphoma-canada\/","http:\/\/instagram.com\/lymphomacanada","http:\/\/www.youtube.com\/user\/LymphomaTV"]},{"@type":"Person","@id":"https:\/\/www.lymphoma.ca\/fr\/#\/schema\/person\/a140ae13bdc702e5a6defcdf6513458c","name":"laurad","image":{"@type":"ImageObject","inLanguage":"fr-FR","@id":"https:\/\/www.lymphoma.ca\/fr\/#\/schema\/person\/image\/","url":"https:\/\/secure.gravatar.com\/avatar\/5d60e96e32647e356157f75379864ab1?s=96&d=mm&r=g","contentUrl":"https:\/\/secure.gravatar.com\/avatar\/5d60e96e32647e356157f75379864ab1?s=96&d=mm&r=g","caption":"laurad"},"url":"https:\/\/www.lymphoma.ca\/fr\/author\/laurad\/"}]}},"_links":{"self":[{"href":"https:\/\/www.lymphoma.ca\/fr\/wp-json\/wp\/v2\/posts\/2961","targetHints":{"allow":["GET"]}}],"collection":[{"href":"https:\/\/www.lymphoma.ca\/fr\/wp-json\/wp\/v2\/posts"}],"about":[{"href":"https:\/\/www.lymphoma.ca\/fr\/wp-json\/wp\/v2\/types\/post"}],"author":[{"embeddable":true,"href":"https:\/\/www.lymphoma.ca\/fr\/wp-json\/wp\/v2\/users\/6"}],"replies":[{"embeddable":true,"href":"https:\/\/www.lymphoma.ca\/fr\/wp-json\/wp\/v2\/comments?post=2961"}],"version-history":[{"count":2,"href":"https:\/\/www.lymphoma.ca\/fr\/wp-json\/wp\/v2\/posts\/2961\/revisions"}],"predecessor-version":[{"id":9044,"href":"https:\/\/www.lymphoma.ca\/fr\/wp-json\/wp\/v2\/posts\/2961\/revisions\/9044"}],"wp:featuredmedia":[{"embeddable":true,"href":"https:\/\/www.lymphoma.ca\/fr\/wp-json\/wp\/v2\/media\/2959"}],"wp:attachment":[{"href":"https:\/\/www.lymphoma.ca\/fr\/wp-json\/wp\/v2\/media?parent=2961"}],"wp:term":[{"taxonomy":"category","embeddable":true,"href":"https:\/\/www.lymphoma.ca\/fr\/wp-json\/wp\/v2\/categories?post=2961"},{"taxonomy":"post_tag","embeddable":true,"href":"https:\/\/www.lymphoma.ca\/fr\/wp-json\/wp\/v2\/tags?post=2961"}],"curies":[{"name":"wp","href":"https:\/\/api.w.org\/{rel}","templated":true}]}}